{"id":2260,"date":"2022-07-15T16:36:44","date_gmt":"2022-07-15T21:36:44","guid":{"rendered":"https:\/\/csc.gob.ec\/WEB\/?p=2260"},"modified":"2023-06-14T15:23:03","modified_gmt":"2023-06-14T20:23:03","slug":"alcaldia-de-cuenca-cumple-en-6-meses-meta-prevista-para-el-ano-sobre-instalacion-de-120-nuevos-sistemas-de-alarmas-comunitarias","status":"publish","type":"post","link":"https:\/\/csc.gob.ec\/WEB\/2022\/07\/15\/alcaldia-de-cuenca-cumple-en-6-meses-meta-prevista-para-el-ano-sobre-instalacion-de-120-nuevos-sistemas-de-alarmas-comunitarias\/","title":{"rendered":"Alcald\u00eda de Cuenca cumple en 6 meses meta prevista para el a\u00f1o sobre instalaci\u00f3n de 120 nuevos sistemas de alarmas comunitarias"},"content":{"rendered":"\n<figure class=\"wp-block-gallery has-nested-images columns-default is-cropped wp-block-gallery-1 is-layout-flex wp-block-gallery-is-layout-flex\">\n<figure class=\"wp-block-image size-large\"><img fetchpriority=\"high\" decoding=\"async\" width=\"1024\" height=\"576\" data-id=\"2268\" src=\"https:\/\/csc.gob.ec\/WEB\/wp-content\/uploads\/2022\/07\/3-1024x576.jpeg\" alt=\"\" class=\"wp-image-2268\" srcset=\"https:\/\/csc.gob.ec\/WEB\/wp-content\/uploads\/2022\/07\/3-1024x576.jpeg 1024w, https:\/\/csc.gob.ec\/WEB\/wp-content\/uploads\/2022\/07\/3-300x169.jpeg 300w, https:\/\/csc.gob.ec\/WEB\/wp-content\/uploads\/2022\/07\/3-768x432.jpeg 768w, https:\/\/csc.gob.ec\/WEB\/wp-content\/uploads\/2022\/07\/3.jpeg 1156w\" sizes=\"(max-width: 1024px) 100vw, 1024px\" \/><\/figure>\n\n\n\n<figure class=\"wp-block-image size-large\"><img decoding=\"async\" width=\"1024\" height=\"576\" data-id=\"2270\" src=\"https:\/\/csc.gob.ec\/WEB\/wp-content\/uploads\/2022\/07\/4-1024x576.jpeg\" alt=\"\" class=\"wp-image-2270\" srcset=\"https:\/\/csc.gob.ec\/WEB\/wp-content\/uploads\/2022\/07\/4-1024x576.jpeg 1024w, https:\/\/csc.gob.ec\/WEB\/wp-content\/uploads\/2022\/07\/4-300x169.jpeg 300w, https:\/\/csc.gob.ec\/WEB\/wp-content\/uploads\/2022\/07\/4-768x432.jpeg 768w, https:\/\/csc.gob.ec\/WEB\/wp-content\/uploads\/2022\/07\/4.jpeg 1156w\" sizes=\"(max-width: 1024px) 100vw, 1024px\" \/><\/figure>\n<\/figure>\n\n\n\n<p>M\u00e1s de 4.000 familias cuencanas ya cuentan con nuevos y modernos sistemas de alarmas comunitarias, adem\u00e1s con una amplia formaci\u00f3n en seguridad integral; en relaci\u00f3n a los proyectos preventivos Educar a Comunidades Organizadas en Seguridad (ECOS) y Vecinos Organizados que ejecuta la Alcald\u00eda de Cuenca, a trav\u00e9s del Consejo de Seguridad Ciudadana (CSC).<\/p>\n\n\n\n<p>Esta importante iniciativa impulsada por el alcalde de Cuenca, Pedro Palacios, se cumpli\u00f3 como parte de su plan de trabajo donde tuvo previsto durante el 2022 llegar a este n\u00famero de familias, mediante la instalaci\u00f3n de 120 sistemas de alarmas comunitarias; esta meta se cumpli\u00f3 la noche de este jueves, 14 de julio en un magno evento, donde el M\u00e1ximo Personero Municipal entreg\u00f3 oficialmente estos proyectos a m\u00e1s de 600 familias de 26 sectores.<\/p>\n\n\n\n<p>El Alcalde de Cuenca y Presidente del CSC destac\u00f3 la participaci\u00f3n de los vecinos durante todo el proceso tanto de capacitaci\u00f3n como de la instalaci\u00f3n de los sistemas que servir\u00e1n principalmente para disuadir a la delincuencia, adem\u00e1s, fomentar espacios de uni\u00f3n barrial y buena convivencia, por una Cuenca Unida.<\/p>\n\n\n\n<p>Por otra parte, destac\u00f3 que ya se encuentra en proceso de adquisici\u00f3n 100 nuevos sistemas de alarmas comunitarias para ampliar a m\u00e1s sectores de la zona rural y urbana. De esta forma, se lograr\u00eda una cobertura con sistemas preventivos a por lo menos el 90% de los barrios de Cuenca.<\/p>\n\n\n\n<p>En esta ocasi\u00f3n, los beneficiarios corresponden a las familias de los sectores: La Rep\u00fablica, Las Pencas Guabisay, San Marcos, Francisco Cuesta, Puertas del Sol, Eloy Alfaro, El Chorro, Juventino V\u00e9lez, Huayna C\u00e1pac, El Cisne Tres Mar\u00edas, Cruce del Carmen de Sinincay, Primavera de Misicata, Piedra Bola, Bellavista, San Jos\u00e9 de Balzay, Vista Linda Alta, San Pedro del Cebollar, Bello Horizonte, Alisos del Cebollar, Escuela Julio Abad Chica, Santa Mar\u00eda del Vergel, Los \u00c1lamos, Roberto Crespo, Dolorosa de Ricaurte, Portal San Jos\u00e9 y Jaime Rosales.<\/p>\n\n\n\n<p>Todas las familias beneficiarias cursaron previamente una capacitaci\u00f3n en Seguridad Integral siendo acreedores a sus respectivos certificados, esto como parte de los pasos que deben cumplir para ser acreedores del sistema vigente mediante una aplicaci\u00f3n denominada Modo Smart para la activaci\u00f3n del sistema desde un celular.<\/p>\n\n\n\n<p>La activaci\u00f3n podr\u00e1 realizarse para tres servicios: robos, emergencias m\u00e9dicas y temas bomberiles, que ser\u00e1n coordinadas para su atenci\u00f3n respectiva desde la Sala de Monitoreo del CSC con los organismos competentes.<\/p>\n\n\n\n<p>Por su parte, Froil\u00e1n Salinas, Director Ejecutivo del CSC se\u00f1al\u00f3 que la instalaci\u00f3n de los sistemas en todos los sectores comprende una luz estrobosc\u00f3pica, una central y dos sirenas conforme al an\u00e1lisis de factibilidad de acuerdo a la informaci\u00f3n que posee el Observatorio de Seguridad Ciudadana.<\/p>\n\n\n\n<p>\u00a1Si prevenimos, ganamos!<\/p>\n","protected":false},"excerpt":{"rendered":"<p>M\u00e1s de 4.000 familias cuencanas ya cuentan con nuevos y modernos sistemas de alarmas comunitarias, adem\u00e1s con una amplia formaci\u00f3n en seguridad integral; en relaci\u00f3n a los proyectos preventivos Educar a Comunidades Organizadas en Seguridad (ECOS) y Vecinos Organizados que ejecuta la Alcald\u00eda de Cuenca, a trav\u00e9s del Consejo de Seguridad Ciudadana (CSC). Esta importante &hellip;<\/p>\n<p class=\"read-more\"> <a class=\"\" href=\"https:\/\/csc.gob.ec\/WEB\/2022\/07\/15\/alcaldia-de-cuenca-cumple-en-6-meses-meta-prevista-para-el-ano-sobre-instalacion-de-120-nuevos-sistemas-de-alarmas-comunitarias\/\"> <span class=\"screen-reader-text\">Alcald\u00eda de Cuenca cumple en 6 meses meta prevista para el a\u00f1o sobre instalaci\u00f3n de 120 nuevos sistemas de alarmas comunitarias<\/span> Leer m\u00e1s &raquo;<\/a><\/p>\n","protected":false},"author":1,"featured_media":2914,"comment_status":"open","ping_status":"open","sticky":false,"template":"","format":"standard","meta":{"site-sidebar-layout":"default","site-content-layout":"default","ast-main-header-display":"","ast-hfb-above-header-display":"","ast-hfb-below-header-display":"","ast-hfb-mobile-header-display":"","site-post-title":"","ast-breadcrumbs-content":"","ast-featured-img":"","footer-sml-layout":"","theme-transparent-header-meta":"","adv-header-id-meta":"","stick-header-meta":"","header-above-stick-meta":"","header-main-stick-meta":"","header-below-stick-meta":"","footnotes":""},"categories":[11,10],"tags":[],"class_list":["post-2260","post","type-post","status-publish","format-standard","has-post-thumbnail","hentry","category-de-interes","category-noticias"],"_links":{"self":[{"href":"https:\/\/csc.gob.ec\/WEB\/wp-json\/wp\/v2\/posts\/2260","targetHints":{"allow":["GET"]}}],"collection":[{"href":"https:\/\/csc.gob.ec\/WEB\/wp-json\/wp\/v2\/posts"}],"about":[{"href":"https:\/\/csc.gob.ec\/WEB\/wp-json\/wp\/v2\/types\/post"}],"author":[{"embeddable":true,"href":"https:\/\/csc.gob.ec\/WEB\/wp-json\/wp\/v2\/users\/1"}],"replies":[{"embeddable":true,"href":"https:\/\/csc.gob.ec\/WEB\/wp-json\/wp\/v2\/comments?post=2260"}],"version-history":[{"count":0,"href":"https:\/\/csc.gob.ec\/WEB\/wp-json\/wp\/v2\/posts\/2260\/revisions"}],"wp:featuredmedia":[{"embeddable":true,"href":"https:\/\/csc.gob.ec\/WEB\/wp-json\/wp\/v2\/media\/2914"}],"wp:attachment":[{"href":"https:\/\/csc.gob.ec\/WEB\/wp-json\/wp\/v2\/media?parent=2260"}],"wp:term":[{"taxonomy":"category","embeddable":true,"href":"https:\/\/csc.gob.ec\/WEB\/wp-json\/wp\/v2\/categories?post=2260"},{"taxonomy":"post_tag","embeddable":true,"href":"https:\/\/csc.gob.ec\/WEB\/wp-json\/wp\/v2\/tags?post=2260"}],"curies":[{"name":"wp","href":"https:\/\/api.w.org\/{rel}","templated":true}]}}